{"id":3248,"date":"2024-03-05T15:01:04","date_gmt":"2024-03-05T14:01:04","guid":{"rendered":"https:\/\/www.helenazejdlikova.cz\/?p=3248"},"modified":"2024-03-05T15:01:06","modified_gmt":"2024-03-05T14:01:06","slug":"pozemek-s-vystavbou-domu-na-klic-belotin-okr-prerov","status":"publish","type":"post","link":"https:\/\/d.r3.wbsprt.com\/helenazejdlikova.cz\/pozemek-s-vystavbou-domu-na-klic-belotin-okr-prerov\/","title":{"rendered":"Pozemek s v\u00fdstavbou domu na kl\u00ed\u010d, B\u011blot\u00edn, okr. P\u0159erov"},"content":{"rendered":"\n<p><\/p>\n\n\n\n<p>Nab\u00edz\u00edm v\u00e1m ke koupi pozemek o plo\u0161e 1155 m2 s v\u00fdstavbou zd\u011bn\u00e9ho rodinn\u00e9ho domu v obci B\u011blot\u00edn. Projekt na v\u00fdstavbu domku je o dispozici 4+kk se sedlovou st\u0159echou, obytn\u00e9 m\u00edstnosti jsou sm\u011b\u0159ov\u00e1ny do zahrady. Zastav\u011bn\u00e1 plocha domu je 105 m2. B\u011blot\u00edn se nach\u00e1z\u00ed p\u00e1r minut j\u00edzdy od Hranic na Morav\u011b, je zde p\u0159\u00edmo n\u00e1jezd na d\u00e1lnici D1 a D48. V obci se nach\u00e1z\u00ed tak\u00e9 Z\u00e1kladn\u00ed \u0161kola do 9. stupn\u011b, \u0161kolka, h\u0159i\u0161t\u011b a v okol\u00ed je tak\u00e9 mnoho turistick\u00fdch tras a turistick\u00fdch c\u00edl\u016f.<br>Pro bli\u017e\u0161\u00ed informace k pozemku \u010di projektu m\u011b nev\u00e1hejte kontaktovat.<\/p>\n\n\n\n<div style=\"height:40px\" aria-hidden=\"true\" class=\"wp-block-spacer\"><\/div>\n\n\n\n<figure class=\"wp-block-gallery has-nested-images columns-4 is-cropped wp-block-gallery-1 is-layout-flex wp-block-gallery-is-layout-flex\">\n<figure class=\"wp-block-image size-large\"><a href=\"https:\/\/www.helenazejdlikova.cz\/wp-content\/uploads\/2024\/03\/Dispozice.jpg\"><img fetchpriority=\"high\" decoding=\"async\" width=\"1024\" height=\"640\" data-id=\"3249\" src=\"https:\/\/www.helenazejdlikova.cz\/wp-content\/uploads\/2024\/03\/Dispozice-1024x640.jpg\" alt=\"\" class=\"wp-image-3249\" srcset=\"https:\/\/d.r3.wbsprt.com\/helenazejdlikova.cz\/wp-content\/uploads\/2024\/03\/Dispozice-1024x640.jpg 1024w, https:\/\/d.r3.wbsprt.com\/helenazejdlikova.cz\/wp-content\/uploads\/2024\/03\/Dispozice-300x188.jpg 300w, https:\/\/d.r3.wbsprt.com\/helenazejdlikova.cz\/wp-content\/uploads\/2024\/03\/Dispozice-768x480.jpg 768w, https:\/\/d.r3.wbsprt.com\/helenazejdlikova.cz\/wp-content\/uploads\/2024\/03\/Dispozice-1536x960.jpg 1536w, https:\/\/d.r3.wbsprt.com\/helenazejdlikova.cz\/wp-content\/uploads\/2024\/03\/Dispozice.jpg 1680w\" sizes=\"(max-width: 1024px) 100vw, 1024px\" \/><\/a><\/figure>\n\n\n\n<figure class=\"wp-block-image size-large\"><a href=\"https:\/\/www.helenazejdlikova.cz\/wp-content\/uploads\/2024\/03\/DJI_0965-scaled.jpg\"><img decoding=\"async\" width=\"1024\" height=\"684\" data-id=\"3250\" src=\"https:\/\/www.helenazejdlikova.cz\/wp-content\/uploads\/2024\/03\/DJI_0965-1024x684.jpg\" alt=\"\" class=\"wp-image-3250\" srcset=\"https:\/\/d.r3.wbsprt.com\/helenazejdlikova.cz\/wp-content\/uploads\/2024\/03\/DJI_0965-1024x684.jpg 1024w, https:\/\/d.r3.wbsprt.com\/helenazejdlikova.cz\/wp-content\/uploads\/2024\/03\/DJI_0965-300x200.jpg 300w, https:\/\/d.r3.wbsprt.com\/helenazejdlikova.cz\/wp-content\/uploads\/2024\/03\/DJI_0965-768x513.jpg 768w, https:\/\/d.r3.wbsprt.com\/helenazejdlikova.cz\/wp-content\/uploads\/2024\/03\/DJI_0965-1536x1026.jpg 1536w, https:\/\/d.r3.wbsprt.com\/helenazejdlikova.cz\/wp-content\/uploads\/2024\/03\/DJI_0965-2048x1368.jpg 2048w\" sizes=\"(max-width: 1024px) 100vw, 1024px\" \/><\/a><\/figure>\n\n\n\n<figure class=\"wp-block-image size-large\"><a href=\"https:\/\/www.helenazejdlikova.cz\/wp-content\/uploads\/2024\/03\/DJI_0966-scaled.jpg\"><img decoding=\"async\" width=\"1024\" height=\"684\" data-id=\"3251\" src=\"https:\/\/www.helenazejdlikova.cz\/wp-content\/uploads\/2024\/03\/DJI_0966-1024x684.jpg\" alt=\"\" class=\"wp-image-3251\" srcset=\"https:\/\/d.r3.wbsprt.com\/helenazejdlikova.cz\/wp-content\/uploads\/2024\/03\/DJI_0966-1024x684.jpg 1024w, https:\/\/d.r3.wbsprt.com\/helenazejdlikova.cz\/wp-content\/uploads\/2024\/03\/DJI_0966-300x200.jpg 300w, https:\/\/d.r3.wbsprt.com\/helenazejdlikova.cz\/wp-content\/uploads\/2024\/03\/DJI_0966-768x513.jpg 768w, https:\/\/d.r3.wbsprt.com\/helenazejdlikova.cz\/wp-content\/uploads\/2024\/03\/DJI_0966-1536x1026.jpg 1536w, https:\/\/d.r3.wbsprt.com\/helenazejdlikova.cz\/wp-content\/uploads\/2024\/03\/DJI_0966-2048x1368.jpg 2048w\" sizes=\"(max-width: 1024px) 100vw, 1024px\" \/><\/a><\/figure>\n\n\n\n<figure class=\"wp-block-image size-large\"><a href=\"https:\/\/www.helenazejdlikova.cz\/wp-content\/uploads\/2024\/03\/DSC07681-scaled.jpg\"><img loading=\"lazy\" decoding=\"async\" width=\"1024\" height=\"684\" data-id=\"3252\" src=\"https:\/\/www.helenazejdlikova.cz\/wp-content\/uploads\/2024\/03\/DSC07681-1024x684.jpg\" alt=\"\" class=\"wp-image-3252\" srcset=\"https:\/\/d.r3.wbsprt.com\/helenazejdlikova.cz\/wp-content\/uploads\/2024\/03\/DSC07681-1024x684.jpg 1024w, https:\/\/d.r3.wbsprt.com\/helenazejdlikova.cz\/wp-content\/uploads\/2024\/03\/DSC07681-300x200.jpg 300w, https:\/\/d.r3.wbsprt.com\/helenazejdlikova.cz\/wp-content\/uploads\/2024\/03\/DSC07681-768x513.jpg 768w, https:\/\/d.r3.wbsprt.com\/helenazejdlikova.cz\/wp-content\/uploads\/2024\/03\/DSC07681-1536x1026.jpg 1536w, https:\/\/d.r3.wbsprt.com\/helenazejdlikova.cz\/wp-content\/uploads\/2024\/03\/DSC07681-2048x1368.jpg 2048w\" sizes=\"(max-width: 1024px) 100vw, 1024px\" \/><\/a><\/figure>\n\n\n\n<figure class=\"wp-block-image size-large\"><a href=\"https:\/\/www.helenazejdlikova.cz\/wp-content\/uploads\/2024\/03\/DSC07685-scaled.jpg\"><img loading=\"lazy\" decoding=\"async\" width=\"1024\" height=\"684\" data-id=\"3253\" src=\"https:\/\/www.helenazejdlikova.cz\/wp-content\/uploads\/2024\/03\/DSC07685-1024x684.jpg\" alt=\"\" class=\"wp-image-3253\" srcset=\"https:\/\/d.r3.wbsprt.com\/helenazejdlikova.cz\/wp-content\/uploads\/2024\/03\/DSC07685-1024x684.jpg 1024w, https:\/\/d.r3.wbsprt.com\/helenazejdlikova.cz\/wp-content\/uploads\/2024\/03\/DSC07685-300x200.jpg 300w, https:\/\/d.r3.wbsprt.com\/helenazejdlikova.cz\/wp-content\/uploads\/2024\/03\/DSC07685-768x513.jpg 768w, https:\/\/d.r3.wbsprt.com\/helenazejdlikova.cz\/wp-content\/uploads\/2024\/03\/DSC07685-1536x1026.jpg 1536w, https:\/\/d.r3.wbsprt.com\/helenazejdlikova.cz\/wp-content\/uploads\/2024\/03\/DSC07685-2048x1368.jpg 2048w\" sizes=\"(max-width: 1024px) 100vw, 1024px\" \/><\/a><\/figure>\n\n\n\n<figure class=\"wp-block-image size-large\"><a href=\"https:\/\/www.helenazejdlikova.cz\/wp-content\/uploads\/2024\/03\/DSC07686-scaled.jpg\"><img loading=\"lazy\" decoding=\"async\" width=\"1024\" height=\"684\" data-id=\"3254\" src=\"https:\/\/www.helenazejdlikova.cz\/wp-content\/uploads\/2024\/03\/DSC07686-1024x684.jpg\" alt=\"\" class=\"wp-image-3254\" srcset=\"https:\/\/d.r3.wbsprt.com\/helenazejdlikova.cz\/wp-content\/uploads\/2024\/03\/DSC07686-1024x684.jpg 1024w, https:\/\/d.r3.wbsprt.com\/helenazejdlikova.cz\/wp-content\/uploads\/2024\/03\/DSC07686-300x200.jpg 300w, https:\/\/d.r3.wbsprt.com\/helenazejdlikova.cz\/wp-content\/uploads\/2024\/03\/DSC07686-768x513.jpg 768w, https:\/\/d.r3.wbsprt.com\/helenazejdlikova.cz\/wp-content\/uploads\/2024\/03\/DSC07686-1536x1026.jpg 1536w, https:\/\/d.r3.wbsprt.com\/helenazejdlikova.cz\/wp-content\/uploads\/2024\/03\/DSC07686-2048x1368.jpg 2048w\" sizes=\"(max-width: 1024px) 100vw, 1024px\" \/><\/a><\/figure>\n\n\n\n<figure class=\"wp-block-image size-large\"><a href=\"https:\/\/www.helenazejdlikova.cz\/wp-content\/uploads\/2024\/03\/DSC07687-scaled.jpg\"><img loading=\"lazy\" decoding=\"async\" width=\"1024\" height=\"684\" data-id=\"3255\" src=\"https:\/\/www.helenazejdlikova.cz\/wp-content\/uploads\/2024\/03\/DSC07687-1024x684.jpg\" alt=\"\" class=\"wp-image-3255\" srcset=\"https:\/\/d.r3.wbsprt.com\/helenazejdlikova.cz\/wp-content\/uploads\/2024\/03\/DSC07687-1024x684.jpg 1024w, https:\/\/d.r3.wbsprt.com\/helenazejdlikova.cz\/wp-content\/uploads\/2024\/03\/DSC07687-300x200.jpg 300w, https:\/\/d.r3.wbsprt.com\/helenazejdlikova.cz\/wp-content\/uploads\/2024\/03\/DSC07687-768x513.jpg 768w, https:\/\/d.r3.wbsprt.com\/helenazejdlikova.cz\/wp-content\/uploads\/2024\/03\/DSC07687-1536x1026.jpg 1536w, https:\/\/d.r3.wbsprt.com\/helenazejdlikova.cz\/wp-content\/uploads\/2024\/03\/DSC07687-2048x1368.jpg 2048w\" sizes=\"(max-width: 1024px) 100vw, 1024px\" \/><\/a><\/figure>\n\n\n\n<figure class=\"wp-block-image size-large\"><a href=\"https:\/\/www.helenazejdlikova.cz\/wp-content\/uploads\/2024\/03\/Kuchyne.jpg\"><img loading=\"lazy\" decoding=\"async\" width=\"1024\" height=\"640\" data-id=\"3256\" src=\"https:\/\/www.helenazejdlikova.cz\/wp-content\/uploads\/2024\/03\/Kuchyne-1024x640.jpg\" alt=\"\" class=\"wp-image-3256\" srcset=\"https:\/\/d.r3.wbsprt.com\/helenazejdlikova.cz\/wp-content\/uploads\/2024\/03\/Kuchyne-1024x640.jpg 1024w, https:\/\/d.r3.wbsprt.com\/helenazejdlikova.cz\/wp-content\/uploads\/2024\/03\/Kuchyne-300x188.jpg 300w, https:\/\/d.r3.wbsprt.com\/helenazejdlikova.cz\/wp-content\/uploads\/2024\/03\/Kuchyne-768x480.jpg 768w, https:\/\/d.r3.wbsprt.com\/helenazejdlikova.cz\/wp-content\/uploads\/2024\/03\/Kuchyne-1536x960.jpg 1536w, https:\/\/d.r3.wbsprt.com\/helenazejdlikova.cz\/wp-content\/uploads\/2024\/03\/Kuchyne.jpg 1680w\" sizes=\"(max-width: 1024px) 100vw, 1024px\" \/><\/a><\/figure>\n\n\n\n<figure class=\"wp-block-image size-large\"><a href=\"https:\/\/www.helenazejdlikova.cz\/wp-content\/uploads\/2024\/03\/Loznice.jpg\"><img loading=\"lazy\" decoding=\"async\" width=\"1024\" height=\"640\" data-id=\"3257\" src=\"https:\/\/www.helenazejdlikova.cz\/wp-content\/uploads\/2024\/03\/Loznice-1024x640.jpg\" alt=\"\" class=\"wp-image-3257\" srcset=\"https:\/\/d.r3.wbsprt.com\/helenazejdlikova.cz\/wp-content\/uploads\/2024\/03\/Loznice-1024x640.jpg 1024w, https:\/\/d.r3.wbsprt.com\/helenazejdlikova.cz\/wp-content\/uploads\/2024\/03\/Loznice-300x188.jpg 300w, https:\/\/d.r3.wbsprt.com\/helenazejdlikova.cz\/wp-content\/uploads\/2024\/03\/Loznice-768x480.jpg 768w, https:\/\/d.r3.wbsprt.com\/helenazejdlikova.cz\/wp-content\/uploads\/2024\/03\/Loznice-1536x960.jpg 1536w, https:\/\/d.r3.wbsprt.com\/helenazejdlikova.cz\/wp-content\/uploads\/2024\/03\/Loznice.jpg 1680w\" sizes=\"(max-width: 1024px) 100vw, 1024px\" \/><\/a><\/figure>\n\n\n\n<figure class=\"wp-block-image size-large\"><a href=\"https:\/\/www.helenazejdlikova.cz\/wp-content\/uploads\/2024\/03\/Obyvak.jpg\"><img loading=\"lazy\" decoding=\"async\" width=\"1024\" height=\"640\" data-id=\"3258\" src=\"https:\/\/www.helenazejdlikova.cz\/wp-content\/uploads\/2024\/03\/Obyvak-1024x640.jpg\" alt=\"\" class=\"wp-image-3258\" srcset=\"https:\/\/d.r3.wbsprt.com\/helenazejdlikova.cz\/wp-content\/uploads\/2024\/03\/Obyvak-1024x640.jpg 1024w, https:\/\/d.r3.wbsprt.com\/helenazejdlikova.cz\/wp-content\/uploads\/2024\/03\/Obyvak-300x188.jpg 300w, https:\/\/d.r3.wbsprt.com\/helenazejdlikova.cz\/wp-content\/uploads\/2024\/03\/Obyvak-768x480.jpg 768w, https:\/\/d.r3.wbsprt.com\/helenazejdlikova.cz\/wp-content\/uploads\/2024\/03\/Obyvak-1536x960.jpg 1536w, https:\/\/d.r3.wbsprt.com\/helenazejdlikova.cz\/wp-content\/uploads\/2024\/03\/Obyvak.jpg 1680w\" sizes=\"(max-width: 1024px) 100vw, 1024px\" \/><\/a><\/figure>\n\n\n\n<figure class=\"wp-block-image size-large\"><a href=\"https:\/\/www.helenazejdlikova.cz\/wp-content\/uploads\/2024\/03\/Ulice.jpg\"><img loading=\"lazy\" decoding=\"async\" width=\"1024\" height=\"640\" data-id=\"3259\" src=\"https:\/\/www.helenazejdlikova.cz\/wp-content\/uploads\/2024\/03\/Ulice-1024x640.jpg\" alt=\"\" class=\"wp-image-3259\" srcset=\"https:\/\/d.r3.wbsprt.com\/helenazejdlikova.cz\/wp-content\/uploads\/2024\/03\/Ulice-1024x640.jpg 1024w, https:\/\/d.r3.wbsprt.com\/helenazejdlikova.cz\/wp-content\/uploads\/2024\/03\/Ulice-300x188.jpg 300w, https:\/\/d.r3.wbsprt.com\/helenazejdlikova.cz\/wp-content\/uploads\/2024\/03\/Ulice-768x480.jpg 768w, https:\/\/d.r3.wbsprt.com\/helenazejdlikova.cz\/wp-content\/uploads\/2024\/03\/Ulice-1536x960.jpg 1536w, https:\/\/d.r3.wbsprt.com\/helenazejdlikova.cz\/wp-content\/uploads\/2024\/03\/Ulice.jpg 1680w\" sizes=\"(max-width: 1024px) 100vw, 1024px\" \/><\/a><\/figure>\n\n\n\n<figure class=\"wp-block-image size-large\"><a href=\"https:\/\/www.helenazejdlikova.cz\/wp-content\/uploads\/2024\/03\/Vystrizek.jpg\"><img loading=\"lazy\" decoding=\"async\" width=\"798\" height=\"711\" data-id=\"3260\" src=\"https:\/\/www.helenazejdlikova.cz\/wp-content\/uploads\/2024\/03\/Vystrizek.jpg\" alt=\"\" class=\"wp-image-3260\" srcset=\"https:\/\/d.r3.wbsprt.com\/helenazejdlikova.cz\/wp-content\/uploads\/2024\/03\/Vystrizek.jpg 798w, https:\/\/d.r3.wbsprt.com\/helenazejdlikova.cz\/wp-content\/uploads\/2024\/03\/Vystrizek-300x267.jpg 300w, https:\/\/d.r3.wbsprt.com\/helenazejdlikova.cz\/wp-content\/uploads\/2024\/03\/Vystrizek-768x684.jpg 768w\" sizes=\"(max-width: 798px) 100vw, 798px\" \/><\/a><\/figure>\n\n\n\n<figure class=\"wp-block-image size-large\"><a href=\"https:\/\/www.helenazejdlikova.cz\/wp-content\/uploads\/2024\/03\/Zahrada.jpg\"><img loading=\"lazy\" decoding=\"async\" width=\"1024\" height=\"640\" data-id=\"3261\" src=\"https:\/\/www.helenazejdlikova.cz\/wp-content\/uploads\/2024\/03\/Zahrada-1024x640.jpg\" alt=\"\" class=\"wp-image-3261\" srcset=\"https:\/\/d.r3.wbsprt.com\/helenazejdlikova.cz\/wp-content\/uploads\/2024\/03\/Zahrada-1024x640.jpg 1024w, https:\/\/d.r3.wbsprt.com\/helenazejdlikova.cz\/wp-content\/uploads\/2024\/03\/Zahrada-300x188.jpg 300w, https:\/\/d.r3.wbsprt.com\/helenazejdlikova.cz\/wp-content\/uploads\/2024\/03\/Zahrada-768x480.jpg 768w, https:\/\/d.r3.wbsprt.com\/helenazejdlikova.cz\/wp-content\/uploads\/2024\/03\/Zahrada-1536x960.jpg 1536w, https:\/\/d.r3.wbsprt.com\/helenazejdlikova.cz\/wp-content\/uploads\/2024\/03\/Zahrada.jpg 1680w\" sizes=\"(max-width: 1024px) 100vw, 1024px\" \/><\/a><\/figure>\n<\/figure>\n\n\n\n<div style=\"height:40px\" aria-hidden=\"true\" class=\"wp-block-spacer\"><\/div>\n\n\n\n<h2 class=\"wp-block-heading has-text-align-center\">ADRESA<\/h2>\n\n\n\n<iframe style=\"border:none\" src=\"https:\/\/frame.mapy.cz\/s\/purovehuze\" width=\"400\" height=\"280\" frameborder=\"0\"><\/iframe>\n\n\n\n<p style=\"font-size:30px\">Cena v\u010d. provize a pr\u00e1vn\u00edho servisu \u010din\u00ed:<\/p>\n\n\n\n<p class=\"has-text-align-right cenovka has-text-color has-x-large-font-size\" style=\"color:#db5461\"><strong>5.950.000,-K\u010d<\/strong><\/p>\n","protected":false},"excerpt":{"rendered":"<p>Nab\u00edz\u00edm v\u00e1m ke koupi pozemek o plo\u0161e 1155 m2 s v\u00fdstavbou zd\u011bn\u00e9ho rodinn\u00e9ho domu v obci B\u011blot\u00edn. Projekt na v\u00fdstavbu domku je o dispozici 4+kk se sedlovou st\u0159echou, obytn\u00e9 m\u00edstnosti jsou sm\u011b\u0159ov\u00e1ny do zahrady. Zastav\u011bn\u00e1 plocha domu je 105 m2. B\u011blot\u00edn se nach\u00e1z\u00ed p\u00e1r minut j\u00edzdy od Hranic na Morav\u011b, je zde p\u0159\u00edmo n\u00e1jezd na [&hellip;]<\/p>\n","protected":false},"author":2,"featured_media":3261,"comment_status":"closed","ping_status":"closed","sticky":false,"template":"","format":"standard","meta":{"footnotes":""},"categories":[8],"tags":[],"class_list":["post-3248","post","type-post","status-publish","format-standard","has-post-thumbnail","hentry","category-na-prodej"],"yoast_head":"<!-- This site is optimized with the Yoast SEO plugin v26.7 - https:\/\/yoast.com\/wordpress\/plugins\/seo\/ -->\n<title>Pozemek s v\u00fdstavbou domu na kl\u00ed\u010d, B\u011blot\u00edn, okr. P\u0159erov - helenazejdlikova<\/title>\n<meta name=\"robots\" content=\"index, follow, max-snippet:-1, max-image-preview:large, max-video-preview:-1\" \/>\n<link rel=\"canonical\" href=\"https:\/\/d.r3.wbsprt.com\/helenazejdlikova.cz\/pozemek-s-vystavbou-domu-na-klic-belotin-okr-prerov\/\" \/>\n<meta property=\"og:locale\" content=\"cs_CZ\" \/>\n<meta property=\"og:type\" content=\"article\" \/>\n<meta property=\"og:title\" content=\"Pozemek s v\u00fdstavbou domu na kl\u00ed\u010d, B\u011blot\u00edn, okr. P\u0159erov - helenazejdlikova\" \/>\n<meta property=\"og:description\" content=\"Nab\u00edz\u00edm v\u00e1m ke koupi pozemek o plo\u0161e 1155 m2 s v\u00fdstavbou zd\u011bn\u00e9ho rodinn\u00e9ho domu v obci B\u011blot\u00edn. Projekt na v\u00fdstavbu domku je o dispozici 4+kk se sedlovou st\u0159echou, obytn\u00e9 m\u00edstnosti jsou sm\u011b\u0159ov\u00e1ny do zahrady. Zastav\u011bn\u00e1 plocha domu je 105 m2. B\u011blot\u00edn se nach\u00e1z\u00ed p\u00e1r minut j\u00edzdy od Hranic na Morav\u011b, je zde p\u0159\u00edmo n\u00e1jezd na [&hellip;]\" \/>\n<meta property=\"og:url\" content=\"https:\/\/d.r3.wbsprt.com\/helenazejdlikova.cz\/pozemek-s-vystavbou-domu-na-klic-belotin-okr-prerov\/\" \/>\n<meta property=\"og:site_name\" content=\"helenazejdlikova\" \/>\n<meta property=\"article:published_time\" content=\"2024-03-05T14:01:04+00:00\" \/>\n<meta property=\"article:modified_time\" content=\"2024-03-05T14:01:06+00:00\" \/>\n<meta property=\"og:image\" content=\"https:\/\/d.r3.wbsprt.com\/helenazejdlikova.cz\/wp-content\/uploads\/2024\/03\/Zahrada.jpg\" \/>\n\t<meta property=\"og:image:width\" content=\"1680\" \/>\n\t<meta property=\"og:image:height\" content=\"1050\" \/>\n\t<meta property=\"og:image:type\" content=\"image\/jpeg\" \/>\n<meta name=\"author\" content=\"Helena \u017dejdl\u00edkov\u00e1\" \/>\n<meta name=\"twitter:card\" content=\"summary_large_image\" \/>\n<meta name=\"twitter:label1\" content=\"Napsal(a)\" \/>\n\t<meta name=\"twitter:data1\" content=\"Helena \u017dejdl\u00edkov\u00e1\" \/>\n\t<meta name=\"twitter:label2\" content=\"Odhadovan\u00e1 doba \u010dten\u00ed\" \/>\n\t<meta name=\"twitter:data2\" content=\"4 minuty\" \/>\n<script type=\"application\/ld+json\" class=\"yoast-schema-graph\">{\"@context\":\"https:\/\/schema.org\",\"@graph\":[{\"@type\":\"Article\",\"@id\":\"https:\/\/d.r3.wbsprt.com\/helenazejdlikova.cz\/pozemek-s-vystavbou-domu-na-klic-belotin-okr-prerov\/#article\",\"isPartOf\":{\"@id\":\"https:\/\/d.r3.wbsprt.com\/helenazejdlikova.cz\/pozemek-s-vystavbou-domu-na-klic-belotin-okr-prerov\/\"},\"author\":{\"name\":\"Helena \u017dejdl\u00edkov\u00e1\",\"@id\":\"https:\/\/www.helenazejdlikova.cz\/#\/schema\/person\/cf0bf276aada8c364f6a244d7d82639f\"},\"headline\":\"Pozemek s v\u00fdstavbou domu na kl\u00ed\u010d, B\u011blot\u00edn, okr. P\u0159erov\",\"datePublished\":\"2024-03-05T14:01:04+00:00\",\"dateModified\":\"2024-03-05T14:01:06+00:00\",\"mainEntityOfPage\":{\"@id\":\"https:\/\/d.r3.wbsprt.com\/helenazejdlikova.cz\/pozemek-s-vystavbou-domu-na-klic-belotin-okr-prerov\/\"},\"wordCount\":145,\"image\":{\"@id\":\"https:\/\/d.r3.wbsprt.com\/helenazejdlikova.cz\/pozemek-s-vystavbou-domu-na-klic-belotin-okr-prerov\/#primaryimage\"},\"thumbnailUrl\":\"https:\/\/d.r3.wbsprt.com\/helenazejdlikova.cz\/wp-content\/uploads\/2024\/03\/Zahrada.jpg\",\"articleSection\":[\"NA PRODEJ\"],\"inLanguage\":\"cs\"},{\"@type\":\"WebPage\",\"@id\":\"https:\/\/d.r3.wbsprt.com\/helenazejdlikova.cz\/pozemek-s-vystavbou-domu-na-klic-belotin-okr-prerov\/\",\"url\":\"https:\/\/d.r3.wbsprt.com\/helenazejdlikova.cz\/pozemek-s-vystavbou-domu-na-klic-belotin-okr-prerov\/\",\"name\":\"Pozemek s v\u00fdstavbou domu na kl\u00ed\u010d, B\u011blot\u00edn, okr. P\u0159erov - helenazejdlikova\",\"isPartOf\":{\"@id\":\"https:\/\/www.helenazejdlikova.cz\/#website\"},\"primaryImageOfPage\":{\"@id\":\"https:\/\/d.r3.wbsprt.com\/helenazejdlikova.cz\/pozemek-s-vystavbou-domu-na-klic-belotin-okr-prerov\/#primaryimage\"},\"image\":{\"@id\":\"https:\/\/d.r3.wbsprt.com\/helenazejdlikova.cz\/pozemek-s-vystavbou-domu-na-klic-belotin-okr-prerov\/#primaryimage\"},\"thumbnailUrl\":\"https:\/\/d.r3.wbsprt.com\/helenazejdlikova.cz\/wp-content\/uploads\/2024\/03\/Zahrada.jpg\",\"datePublished\":\"2024-03-05T14:01:04+00:00\",\"dateModified\":\"2024-03-05T14:01:06+00:00\",\"author\":{\"@id\":\"https:\/\/www.helenazejdlikova.cz\/#\/schema\/person\/cf0bf276aada8c364f6a244d7d82639f\"},\"breadcrumb\":{\"@id\":\"https:\/\/d.r3.wbsprt.com\/helenazejdlikova.cz\/pozemek-s-vystavbou-domu-na-klic-belotin-okr-prerov\/#breadcrumb\"},\"inLanguage\":\"cs\",\"potentialAction\":[{\"@type\":\"ReadAction\",\"target\":[\"https:\/\/d.r3.wbsprt.com\/helenazejdlikova.cz\/pozemek-s-vystavbou-domu-na-klic-belotin-okr-prerov\/\"]}]},{\"@type\":\"ImageObject\",\"inLanguage\":\"cs\",\"@id\":\"https:\/\/d.r3.wbsprt.com\/helenazejdlikova.cz\/pozemek-s-vystavbou-domu-na-klic-belotin-okr-prerov\/#primaryimage\",\"url\":\"https:\/\/d.r3.wbsprt.com\/helenazejdlikova.cz\/wp-content\/uploads\/2024\/03\/Zahrada.jpg\",\"contentUrl\":\"https:\/\/d.r3.wbsprt.com\/helenazejdlikova.cz\/wp-content\/uploads\/2024\/03\/Zahrada.jpg\",\"width\":1680,\"height\":1050},{\"@type\":\"BreadcrumbList\",\"@id\":\"https:\/\/d.r3.wbsprt.com\/helenazejdlikova.cz\/pozemek-s-vystavbou-domu-na-klic-belotin-okr-prerov\/#breadcrumb\",\"itemListElement\":[{\"@type\":\"ListItem\",\"position\":1,\"name\":\"Dom\u016f\",\"item\":\"https:\/\/www.helenazejdlikova.cz\/\"},{\"@type\":\"ListItem\",\"position\":2,\"name\":\"Pozemek s v\u00fdstavbou domu na kl\u00ed\u010d, B\u011blot\u00edn, okr. P\u0159erov\"}]},{\"@type\":\"WebSite\",\"@id\":\"https:\/\/www.helenazejdlikova.cz\/#website\",\"url\":\"https:\/\/www.helenazejdlikova.cz\/\",\"name\":\"helenazejdlikova\",\"description\":\"\",\"potentialAction\":[{\"@type\":\"SearchAction\",\"target\":{\"@type\":\"EntryPoint\",\"urlTemplate\":\"https:\/\/www.helenazejdlikova.cz\/?s={search_term_string}\"},\"query-input\":{\"@type\":\"PropertyValueSpecification\",\"valueRequired\":true,\"valueName\":\"search_term_string\"}}],\"inLanguage\":\"cs\"},{\"@type\":\"Person\",\"@id\":\"https:\/\/www.helenazejdlikova.cz\/#\/schema\/person\/cf0bf276aada8c364f6a244d7d82639f\",\"name\":\"Helena \u017dejdl\u00edkov\u00e1\",\"image\":{\"@type\":\"ImageObject\",\"inLanguage\":\"cs\",\"@id\":\"https:\/\/www.helenazejdlikova.cz\/#\/schema\/person\/image\/\",\"url\":\"https:\/\/secure.gravatar.com\/avatar\/5b0127b943fdb652c8578b79e33a7b4e7038352984d67485e5b2412614439fa5?s=96&d=mm&r=g\",\"contentUrl\":\"https:\/\/secure.gravatar.com\/avatar\/5b0127b943fdb652c8578b79e33a7b4e7038352984d67485e5b2412614439fa5?s=96&d=mm&r=g\",\"caption\":\"Helena \u017dejdl\u00edkov\u00e1\"},\"url\":\"https:\/\/d.r3.wbsprt.com\/helenazejdlikova.cz\/author\/helenazejdlikova\/\"}]}<\/script>\n<!-- \/ Yoast SEO plugin. -->","yoast_head_json":{"title":"Pozemek s v\u00fdstavbou domu na kl\u00ed\u010d, B\u011blot\u00edn, okr. P\u0159erov - helenazejdlikova","robots":{"index":"index","follow":"follow","max-snippet":"max-snippet:-1","max-image-preview":"max-image-preview:large","max-video-preview":"max-video-preview:-1"},"canonical":"https:\/\/d.r3.wbsprt.com\/helenazejdlikova.cz\/pozemek-s-vystavbou-domu-na-klic-belotin-okr-prerov\/","og_locale":"cs_CZ","og_type":"article","og_title":"Pozemek s v\u00fdstavbou domu na kl\u00ed\u010d, B\u011blot\u00edn, okr. P\u0159erov - helenazejdlikova","og_description":"Nab\u00edz\u00edm v\u00e1m ke koupi pozemek o plo\u0161e 1155 m2 s v\u00fdstavbou zd\u011bn\u00e9ho rodinn\u00e9ho domu v obci B\u011blot\u00edn. Projekt na v\u00fdstavbu domku je o dispozici 4+kk se sedlovou st\u0159echou, obytn\u00e9 m\u00edstnosti jsou sm\u011b\u0159ov\u00e1ny do zahrady. Zastav\u011bn\u00e1 plocha domu je 105 m2. B\u011blot\u00edn se nach\u00e1z\u00ed p\u00e1r minut j\u00edzdy od Hranic na Morav\u011b, je zde p\u0159\u00edmo n\u00e1jezd na [&hellip;]","og_url":"https:\/\/d.r3.wbsprt.com\/helenazejdlikova.cz\/pozemek-s-vystavbou-domu-na-klic-belotin-okr-prerov\/","og_site_name":"helenazejdlikova","article_published_time":"2024-03-05T14:01:04+00:00","article_modified_time":"2024-03-05T14:01:06+00:00","og_image":[{"width":1680,"height":1050,"url":"https:\/\/d.r3.wbsprt.com\/helenazejdlikova.cz\/wp-content\/uploads\/2024\/03\/Zahrada.jpg","type":"image\/jpeg"}],"author":"Helena \u017dejdl\u00edkov\u00e1","twitter_card":"summary_large_image","twitter_misc":{"Napsal(a)":"Helena \u017dejdl\u00edkov\u00e1","Odhadovan\u00e1 doba \u010dten\u00ed":"4 minuty"},"schema":{"@context":"https:\/\/schema.org","@graph":[{"@type":"Article","@id":"https:\/\/d.r3.wbsprt.com\/helenazejdlikova.cz\/pozemek-s-vystavbou-domu-na-klic-belotin-okr-prerov\/#article","isPartOf":{"@id":"https:\/\/d.r3.wbsprt.com\/helenazejdlikova.cz\/pozemek-s-vystavbou-domu-na-klic-belotin-okr-prerov\/"},"author":{"name":"Helena \u017dejdl\u00edkov\u00e1","@id":"https:\/\/www.helenazejdlikova.cz\/#\/schema\/person\/cf0bf276aada8c364f6a244d7d82639f"},"headline":"Pozemek s v\u00fdstavbou domu na kl\u00ed\u010d, B\u011blot\u00edn, okr. P\u0159erov","datePublished":"2024-03-05T14:01:04+00:00","dateModified":"2024-03-05T14:01:06+00:00","mainEntityOfPage":{"@id":"https:\/\/d.r3.wbsprt.com\/helenazejdlikova.cz\/pozemek-s-vystavbou-domu-na-klic-belotin-okr-prerov\/"},"wordCount":145,"image":{"@id":"https:\/\/d.r3.wbsprt.com\/helenazejdlikova.cz\/pozemek-s-vystavbou-domu-na-klic-belotin-okr-prerov\/#primaryimage"},"thumbnailUrl":"https:\/\/d.r3.wbsprt.com\/helenazejdlikova.cz\/wp-content\/uploads\/2024\/03\/Zahrada.jpg","articleSection":["NA PRODEJ"],"inLanguage":"cs"},{"@type":"WebPage","@id":"https:\/\/d.r3.wbsprt.com\/helenazejdlikova.cz\/pozemek-s-vystavbou-domu-na-klic-belotin-okr-prerov\/","url":"https:\/\/d.r3.wbsprt.com\/helenazejdlikova.cz\/pozemek-s-vystavbou-domu-na-klic-belotin-okr-prerov\/","name":"Pozemek s v\u00fdstavbou domu na kl\u00ed\u010d, B\u011blot\u00edn, okr. P\u0159erov - helenazejdlikova","isPartOf":{"@id":"https:\/\/www.helenazejdlikova.cz\/#website"},"primaryImageOfPage":{"@id":"https:\/\/d.r3.wbsprt.com\/helenazejdlikova.cz\/pozemek-s-vystavbou-domu-na-klic-belotin-okr-prerov\/#primaryimage"},"image":{"@id":"https:\/\/d.r3.wbsprt.com\/helenazejdlikova.cz\/pozemek-s-vystavbou-domu-na-klic-belotin-okr-prerov\/#primaryimage"},"thumbnailUrl":"https:\/\/d.r3.wbsprt.com\/helenazejdlikova.cz\/wp-content\/uploads\/2024\/03\/Zahrada.jpg","datePublished":"2024-03-05T14:01:04+00:00","dateModified":"2024-03-05T14:01:06+00:00","author":{"@id":"https:\/\/www.helenazejdlikova.cz\/#\/schema\/person\/cf0bf276aada8c364f6a244d7d82639f"},"breadcrumb":{"@id":"https:\/\/d.r3.wbsprt.com\/helenazejdlikova.cz\/pozemek-s-vystavbou-domu-na-klic-belotin-okr-prerov\/#breadcrumb"},"inLanguage":"cs","potentialAction":[{"@type":"ReadAction","target":["https:\/\/d.r3.wbsprt.com\/helenazejdlikova.cz\/pozemek-s-vystavbou-domu-na-klic-belotin-okr-prerov\/"]}]},{"@type":"ImageObject","inLanguage":"cs","@id":"https:\/\/d.r3.wbsprt.com\/helenazejdlikova.cz\/pozemek-s-vystavbou-domu-na-klic-belotin-okr-prerov\/#primaryimage","url":"https:\/\/d.r3.wbsprt.com\/helenazejdlikova.cz\/wp-content\/uploads\/2024\/03\/Zahrada.jpg","contentUrl":"https:\/\/d.r3.wbsprt.com\/helenazejdlikova.cz\/wp-content\/uploads\/2024\/03\/Zahrada.jpg","width":1680,"height":1050},{"@type":"BreadcrumbList","@id":"https:\/\/d.r3.wbsprt.com\/helenazejdlikova.cz\/pozemek-s-vystavbou-domu-na-klic-belotin-okr-prerov\/#breadcrumb","itemListElement":[{"@type":"ListItem","position":1,"name":"Dom\u016f","item":"https:\/\/www.helenazejdlikova.cz\/"},{"@type":"ListItem","position":2,"name":"Pozemek s v\u00fdstavbou domu na kl\u00ed\u010d, B\u011blot\u00edn, okr. P\u0159erov"}]},{"@type":"WebSite","@id":"https:\/\/www.helenazejdlikova.cz\/#website","url":"https:\/\/www.helenazejdlikova.cz\/","name":"helenazejdlikova","description":"","potentialAction":[{"@type":"SearchAction","target":{"@type":"EntryPoint","urlTemplate":"https:\/\/www.helenazejdlikova.cz\/?s={search_term_string}"},"query-input":{"@type":"PropertyValueSpecification","valueRequired":true,"valueName":"search_term_string"}}],"inLanguage":"cs"},{"@type":"Person","@id":"https:\/\/www.helenazejdlikova.cz\/#\/schema\/person\/cf0bf276aada8c364f6a244d7d82639f","name":"Helena \u017dejdl\u00edkov\u00e1","image":{"@type":"ImageObject","inLanguage":"cs","@id":"https:\/\/www.helenazejdlikova.cz\/#\/schema\/person\/image\/","url":"https:\/\/secure.gravatar.com\/avatar\/5b0127b943fdb652c8578b79e33a7b4e7038352984d67485e5b2412614439fa5?s=96&d=mm&r=g","contentUrl":"https:\/\/secure.gravatar.com\/avatar\/5b0127b943fdb652c8578b79e33a7b4e7038352984d67485e5b2412614439fa5?s=96&d=mm&r=g","caption":"Helena \u017dejdl\u00edkov\u00e1"},"url":"https:\/\/d.r3.wbsprt.com\/helenazejdlikova.cz\/author\/helenazejdlikova\/"}]}},"_links":{"self":[{"href":"https:\/\/d.r3.wbsprt.com\/helenazejdlikova.cz\/wp-json\/wp\/v2\/posts\/3248","targetHints":{"allow":["GET"]}}],"collection":[{"href":"https:\/\/d.r3.wbsprt.com\/helenazejdlikova.cz\/wp-json\/wp\/v2\/posts"}],"about":[{"href":"https:\/\/d.r3.wbsprt.com\/helenazejdlikova.cz\/wp-json\/wp\/v2\/types\/post"}],"author":[{"embeddable":true,"href":"https:\/\/d.r3.wbsprt.com\/helenazejdlikova.cz\/wp-json\/wp\/v2\/users\/2"}],"replies":[{"embeddable":true,"href":"https:\/\/d.r3.wbsprt.com\/helenazejdlikova.cz\/wp-json\/wp\/v2\/comments?post=3248"}],"version-history":[{"count":1,"href":"https:\/\/d.r3.wbsprt.com\/helenazejdlikova.cz\/wp-json\/wp\/v2\/posts\/3248\/revisions"}],"predecessor-version":[{"id":3262,"href":"https:\/\/d.r3.wbsprt.com\/helenazejdlikova.cz\/wp-json\/wp\/v2\/posts\/3248\/revisions\/3262"}],"wp:featuredmedia":[{"embeddable":true,"href":"https:\/\/d.r3.wbsprt.com\/helenazejdlikova.cz\/wp-json\/wp\/v2\/media\/3261"}],"wp:attachment":[{"href":"https:\/\/d.r3.wbsprt.com\/helenazejdlikova.cz\/wp-json\/wp\/v2\/media?parent=3248"}],"wp:term":[{"taxonomy":"category","embeddable":true,"href":"https:\/\/d.r3.wbsprt.com\/helenazejdlikova.cz\/wp-json\/wp\/v2\/categories?post=3248"},{"taxonomy":"post_tag","embeddable":true,"href":"https:\/\/d.r3.wbsprt.com\/helenazejdlikova.cz\/wp-json\/wp\/v2\/tags?post=3248"}],"curies":[{"name":"wp","href":"https:\/\/api.w.org\/{rel}","templated":true}]}}